{"id":963,"date":"2025-04-23T12:59:39","date_gmt":"2025-04-23T16:59:39","guid":{"rendered":"https:\/\/yoaldo.org\/?p=963"},"modified":"2025-04-23T13:13:13","modified_gmt":"2025-04-23T17:13:13","slug":"entre-balas-y-esperanzas-la-revolucion-de-abril-y-la-lucha-por-el-futuro-dominicano","status":"publish","type":"post","link":"http:\/\/yoaldo.org\/?p=963","title":{"rendered":"Entre balas y esperanzas: la Revoluci\u00f3n de Abril y la lucha por el futuro dominicano"},"content":{"rendered":"\n<p><strong><em>Por.: Yoaldo Hern\u00e1ndez Perera<\/em><\/strong><\/p>\n\n\n\n<p>Caama\u00f1o, a partir de la <em>Revoluci\u00f3n de Abril<\/em>, puede decirse que, m\u00e1s que un simple l\u00edder militar, fue un s\u00edmbolo de resistencia y esperanza, porque su figura trascendi\u00f3 las trincheras de la guerra y se convirti\u00f3 en un referente del ideal democr\u00e1tico y la lucha por la justicia social. Y es que, pasando balance a la historia contempor\u00e1nea, si no hubiera sido por su valent\u00eda y determinaci\u00f3n en esos d\u00edas convulsos de 1965, no hubiera sido posible entender la complejidad pol\u00edtica y social que defini\u00f3 el rumbo de la Rep\u00fablica Dominicana en las d\u00e9cadas posteriores. Ser\u00eda como intentar construir un puente sobre un r\u00edo sin tener en cuenta las corrientes que lo atraviesan, ya que, al igual que Caama\u00f1o, la Revoluci\u00f3n de Abril es un hito que no solo marc\u00f3 un momento espec\u00edfico, sino que dej\u00f3 una huella indeleble en la memoria colectiva del pa\u00eds.<\/p>\n\n\n\n<p>En apretada s\u00edntesis, la emblem\u00e1tica <em>Revoluci\u00f3n de Abril<\/em> de 1965 fue un conflicto armado que se desat\u00f3 en la Rep\u00fablica Dominicana tras un golpe de Estado que derroc\u00f3 al presidente constitucional Juan Bosch en 1963. El levantamiento comenz\u00f3 el 24 de abril de 1965, cuando un grupo de oficiales militares y civiles se alzaron en armas para restaurar el orden constitucional y devolver el poder a Bosch. Esta rebeli\u00f3n, conocida tambi\u00e9n como la <em>Guerra Civil Dominicana<\/em>, fue impulsada por un amplio sector de la poblaci\u00f3n que tem\u00eda la restauraci\u00f3n del autoritarismo y la influencia de los sectores conservadores, incluidos los militares, en la pol\u00edtica nacional.<\/p>\n\n\n\n<p>El conflicto se complic\u00f3 cuando Estados Unidos, bajo el pretexto de evitar una supuesta deriva comunista, intervino militarmente en el pa\u00eds el 28 de abril de 1965, enviando miles de marines para \u201cproteger a sus ciudadanos\u201d y estabilizar la situaci\u00f3n. La intervenci\u00f3n estadounidense transform\u00f3 el conflicto en una lucha no solo entre los constitucionalistas y los golpistas, sino tambi\u00e9n en un enfrentamiento entre los rebeldes dominicanos y las fuerzas extranjeras, generando una serie de tensiones pol\u00edticas y sociales.<\/p>\n\n\n\n<p>A pesar de la intervenci\u00f3n y la tregua que se acord\u00f3 en mayo, los combates continuaron espor\u00e1dicamente, y la resistencia de los constitucionalistas, liderada por figuras como Francisco Caama\u00f1o, se mantuvo hasta mediados de 1965. Finalmente, en septiembre de ese a\u00f1o, la intervenci\u00f3n estadounidense lleg\u00f3 a su fin con la celebraci\u00f3n de elecciones democr\u00e1ticas, que resultaron en la victoria de Joaqu\u00edn Balaguer. La Revoluci\u00f3n de Abril, aunque no logr\u00f3 restaurar el gobierno de Bosch, se consolid\u00f3 como un s\u00edmbolo de la lucha por la democracia y la soberan\u00eda nacional.<\/p>\n\n\n\n<p>El historiador y catedr\u00e1tico universitario, Roberto Cass\u00e1, ha calificado la <em>Revoluci\u00f3n de Abril<\/em> de 1965 como el hecho de mayor trascendencia de todos los tiempos en Rep\u00fablica Dominicana, entendiendo que ning\u00fan otro acontecimiento ocurrido en el pa\u00eds se asemeja al del levantamiento b\u00e9lico de esa fecha. En sus palabras: &#8220;Esta revoluci\u00f3n tuvo una originalidad extraordinaria nunca vista en ning\u00fan otro pa\u00eds del mundo, ya que el pueblo se entreg\u00f3 a la lucha con conciencia, firmeza y creatividad, influenciado por el liderazgo de Francisco Alberto Caama\u00f1o De\u00f1\u00f3&#8221;. Y lo ha dicho resaltando tambi\u00e9n la idea de que, para esa \u00e9poca, los dominicanos fortalecieron su decisi\u00f3n de luchar por las libertades, luego de venir de un proceso dictatorial impuesto por Rafael Le\u00f3nidas Trujillo<a href=\"#_ftn1\" id=\"_ftnref1\">[1]<\/a>.<\/p>\n\n\n\n<p>Por otro lado, para el historiador Juan Danie<strong>l <\/strong>Balc\u00e1cer, quien fuera presidente de la Academia Dominicana de la Historia, el descrito episodio b\u00e9lico del pa\u00eds constituy\u00f3 una especie de ajuste de cuentas entre las nuevas fuerzas pol\u00edticas y la vieja escuela heredada del <em>trujillismo. <\/em>Seg\u00fan este estudioso de nuestra historia, la revoluci\u00f3n, despu\u00e9s de la intervenci\u00f3n militar, se torn\u00f3 en una guerra patria y, a partir de 1965, la sociedad dominicana entr\u00f3 en un acelerado proceso de apertura democr\u00e1tica y modernizaci\u00f3n, as\u00ed como el surgimiento de nuevos actores pol\u00edticos, a pesar de que no fue posible reinstalar a Juan Bosch en el poder y, en su lugar, los interventores lograron imponer un esquema pol\u00edtico de centro derecha con\u00a0Joaqu\u00edn Balague<strong>r<\/strong>\u00a0a la cabeza.<\/p>\n\n\n\n<p>A juicio de Balc\u00e1cer, el hecho de que al movimiento que planteaba el retorno de Bosch y la Constituci\u00f3n del 1963 se sumaran dominicanos de diversas fuerzas pol\u00edticas militares, y algunos sin militancia, es producto del choque de dos generaciones: la trujillista, que entr\u00f3 en proceso de extinci\u00f3n, y la que propugnaba por el desarrollo del\u00a0sistema democr\u00e1tico<a id=\"_ftnref2\" href=\"#_ftn2\">[2]<\/a><strong>.<\/strong><\/p>\n\n\n\n<p>Euclides Guti\u00e9rrez F\u00e9lix explica que Caama\u00f1o fue incorporado al movimiento militar constitucionalista que organiz\u00f3 el coronel Rafael Fern\u00e1ndez Dom\u00ednguez, de amplia aceptaci\u00f3n dentro de las fuerzas armadas (que propiciaba el retorno de Bosch a la presidencia de la Rep\u00fablica) a iniciativa del propio Fern\u00e1ndez Dom\u00ednguez, y las tareas que le fueron asignadas las cumpli\u00f3 con decisi\u00f3n, despertando en sus compa\u00f1eros de armas respeto y solidaridad<a id=\"_ftnref3\" href=\"#_ftn3\">[3]<\/a><strong>.<\/strong><\/p>\n\n\n\n<p>Caama\u00f1o, sin dudas, es la figura estelar de la <em>Revoluci\u00f3n de Abril<\/em>, porque, a pesar de no ser el organizador original del movimiento constitucionalista, fue quien lo consolid\u00f3 y le dio un rumbo claro en medio del caos. Su liderazgo emergi\u00f3 con fuerza cuando, tras la intervenci\u00f3n estadounidense y el estancamiento de la lucha, \u00e9l asumi\u00f3 la direcci\u00f3n de la resistencia, transform\u00e1ndose en el s\u00edmbolo de la defensa de la soberan\u00eda nacional y los ideales democr\u00e1ticos. Caama\u00f1o (el de abril del 1965<a href=\"#_ftn4\" id=\"_ftnref4\">[4]<\/a>) se destac\u00f3 por su capacidad de mantener la cohesi\u00f3n entre los distintos sectores involucrados en la rebeli\u00f3n, desde los militares hasta los civiles, y por su firmeza ante la adversidad.<\/p>\n\n\n\n<p>Lo que realmente distingue a Caama\u00f1o es su valent\u00eda, no solo en el campo de batalla, sino tambi\u00e9n en la forma en que personific\u00f3 la esperanza de un pueblo que luchaba por recuperar su libertad. Consciente de los riesgos y de la complejidad del escenario, Caama\u00f1o asumi\u00f3 una postura decidida frente a los desaf\u00edos, enfrentando a la vez a los golpistas locales y a una poderosa intervenci\u00f3n extranjera. Su capacidad de inspirar a sus seguidores, de hacer frente a los poderosos intereses internos y externos, y de mantener una postura \u00e9tica frente a las dificultades, le otorgaron un lugar privilegiado en la historia nacional.<\/p>\n\n\n\n<p>Es por eso que, aunque la <em>Revoluci\u00f3n de Abril<\/em> no logr\u00f3 la restauraci\u00f3n inmediata del gobierno constitucional de Bosch, la figura de Caama\u00f1o se erige como un emblema de la lucha por la justicia, la democracia y la autodeterminaci\u00f3n del pueblo dominicano. Su nombre se entrelaza con la memoria hist\u00f3rica de esa gesta, recordado no solo como un l\u00edder militar, sino como un defensor inquebrantable de los principios republicanos, que, a pesar de la derrota, marc\u00f3 un antes y un despu\u00e9s en la pol\u00edtica y la sociedad dominicana.<\/p>\n\n\n\n<p>Si bien lo anterior es as\u00ed, Caama\u00f1o es la incuestionable figura principal de la gesta de abril, de justicia es recordar y reconocer otros nombres de valiosos combatientes, igualmente merecedores de ser destacados en dicha revoluci\u00f3n civil<a href=\"#_ftn5\" id=\"_ftnref5\">[5]<\/a>, tales como Rafael Tom\u00e1s Fern\u00e1ndez Dom\u00ednguez, quien, tal como se ha expuesto m\u00e1s arriba, fue quien incorpor\u00f3 a Caama\u00f1o al movimiento constitucionalista, y fuera un l\u00edder militar de gran destreza y valent\u00eda, cuya determinaci\u00f3n y liderazgo en la lucha por la restituci\u00f3n de la democracia lo convirtieron en uno de los m\u00e1s grandes m\u00e1rtires de la <em>Revoluci\u00f3n de Abril<\/em>. Su nombre est\u00e1 grabado en la memoria colectiva como uno de los pilares fundamentales del referido movimiento constitucionalista.<\/p>\n\n\n\n<p>Maximiliano G\u00f3mez, conocido como <em>&#8220;El Moreno&#8221;<\/em>, tambi\u00e9n dej\u00f3 una huella imborrable en la lucha. Su participaci\u00f3n activa y su valent\u00eda en el campo de batalla fueron esenciales, particularmente en los combates m\u00e1s intensos de la ciudad, donde su presencia se convirti\u00f3 en un s\u00edmbolo de la resistencia popular frente a la opresi\u00f3n.<\/p>\n\n\n\n<p>Manuel Montes Arache, otro de los combatientes clave, fue un estratega brillante que jug\u00f3 un rol fundamental en la organizaci\u00f3n de las fuerzas rebeldes, coordinando operaciones militares y actuando como un referente moral y pol\u00edtico dentro de la lucha constitucionalista. Junto a \u00e9l, figuras como H\u00e9ctor Aristy, quien destac\u00f3 por su arduo trabajo en la organizaci\u00f3n y movilizaci\u00f3n de tropas, tambi\u00e9n se hicieron notar como actores esenciales en la resistencia armada.<\/p>\n\n\n\n<p>Carmen Josefina Lora Iglesias, conocida como Piky, rompi\u00f3 con los moldes tradicionales de la \u00e9poca al destacarse no solo como una combatiente decidida, sino tambi\u00e9n como una de las pocas mujeres que participaron activamente en la Revoluci\u00f3n de Abril. Su valent\u00eda y compromiso con la causa la han convertido en un s\u00edmbolo del coraje femenino en un contexto de lucha armada.<\/p>\n\n\n\n<p>Adem\u00e1s, no podemos dejar de lado a Sen\u00e9n Sosa, quien tuvo un papel relevante en las operaciones militares y en la coordinaci\u00f3n de esfuerzos entre los distintos sectores sociales que apoyaban el movimiento. Su destreza y lealtad a la causa constitucionalista lo posicionaron como uno de los nombres m\u00e1s respetados dentro de la rebeli\u00f3n.<\/p>\n\n\n\n<p>Estos nombres, junto al de Caama\u00f1o, forman una galer\u00eda de h\u00e9roes cuya valent\u00eda, sacrificio y firmeza en la defensa de la democracia y la soberan\u00eda nacional no pueden ser olvidados. La Revoluci\u00f3n de Abril fue una lucha colectiva, y estos combatientes, junto a muchos otros, fueron los que, con sus acciones, le dieron vida y trascendencia a ese hito en la historia dominicana.<\/p>\n\n\n\n<hr class=\"wp-block-separator has-alpha-channel-opacity\"\/>\n\n\n\n<p><a href=\"#_ftnref1\" id=\"_ftn1\">[1]<\/a> Ver en l\u00ednea: <a href=\"https:\/\/www.diariohispaniola.com\/noticia\/11646\/sociedad\/roberto-cassa:-la-revolucion-de-abril-mayor-acontecimiento-en-la-historia-del-pais.html\">Roberto Cass\u00e1: La Revoluci\u00f3n de Abril, mayor acontecimiento en la historia del pa\u00eds | DiarioHispaniola l Un digital a tu alcance<\/a><\/p>\n\n\n\n<p><a href=\"#_ftnref2\" id=\"_ftn2\">[2]<\/a> Ver en l\u00ednea: <a href=\"https:\/\/hoy.com.do\/revolucion-de-abril-del-1965-especie-de-ajuste-de-cuentas\/\">Revoluci\u00f3n de Abril del 1965: especie de ajuste de cuentas<\/a><\/p>\n\n\n\n<p><a href=\"#_ftnref3\" id=\"_ftn3\">[3]<\/a> Cfr <strong>GUTI\u00c9RREZ F\u00c9LIX<\/strong>, Euclides. <em>H\u00e9roes y pr\u00f3ceres dominicanos y americanos<\/em>, 6ta. edici\u00f3n, p. 215.<\/p>\n\n\n\n<p><a href=\"#_ftnref4\" id=\"_ftn4\">[4]<\/a> Hay que saber que Caama\u00f1o tuvo varias etapas en nuestra historia (el pol\u00edtico, el de Playa de Caracoles, etc.). Pero la que, sin dudas, lo catapult\u00f3 como h\u00e9roe nacional fue la de l\u00edder de la <em>Revoluci\u00f3n de Abril<\/em>. Es a esa faceta hist\u00f3rica que se refiere este breve escrito.<\/p>\n\n\n\n<p><a href=\"#_ftnref5\" id=\"_ftn5\">[5]<\/a> Ver, en l\u00ednea, este trabajo publicado en List\u00edn Diario sobre otras figuras relevantes de la Revoluci\u00f3n de Abril de 1965: <a href=\"https:\/\/listindiario.com\/la-republica\/20230424\/personajes-iconicos-nacieron-revolucion-abril-1965_749539.html\">Personajes ic\u00f3nicos que nacieron en la Revoluci\u00f3n de Abril de 1965<\/a><\/p>\n","protected":false},"excerpt":{"rendered":"<p>Por.: Yoaldo Hern\u00e1ndez Perera Caama\u00f1o, a partir de la Revoluci\u00f3n de Abril, puede decirse que, m\u00e1s que un simple l\u00edder militar, fue un s\u00edmbolo de resistencia y esperanza, porque su figura trascendi\u00f3 las trincheras de la guerra y se convirti\u00f3 &hellip; <a href=\"http:\/\/yoaldo.org\/?p=963\">Continue reading <span class=\"meta-nav\">&rarr;<\/span><\/a><\/p>\n","protected":false},"author":1,"featured_media":0,"comment_status":"closed","ping_status":"closed","sticky":false,"template":"","format":"standard","meta":[],"categories":[14],"tags":[],"_links":{"self":[{"href":"http:\/\/yoaldo.org\/index.php?rest_route=\/wp\/v2\/posts\/963"}],"collection":[{"href":"http:\/\/yoaldo.org\/index.php?rest_route=\/wp\/v2\/posts"}],"about":[{"href":"http:\/\/yoaldo.org\/index.php?rest_route=\/wp\/v2\/types\/post"}],"author":[{"embeddable":true,"href":"http:\/\/yoaldo.org\/index.php?rest_route=\/wp\/v2\/users\/1"}],"replies":[{"embeddable":true,"href":"http:\/\/yoaldo.org\/index.php?rest_route=%2Fwp%2Fv2%2Fcomments&post=963"}],"version-history":[{"count":4,"href":"http:\/\/yoaldo.org\/index.php?rest_route=\/wp\/v2\/posts\/963\/revisions"}],"predecessor-version":[{"id":967,"href":"http:\/\/yoaldo.org\/index.php?rest_route=\/wp\/v2\/posts\/963\/revisions\/967"}],"wp:attachment":[{"href":"http:\/\/yoaldo.org\/index.php?rest_route=%2Fwp%2Fv2%2Fmedia&parent=963"}],"wp:term":[{"taxonomy":"category","embeddable":true,"href":"http:\/\/yoaldo.org\/index.php?rest_route=%2Fwp%2Fv2%2Fcategories&post=963"},{"taxonomy":"post_tag","embeddable":true,"href":"http:\/\/yoaldo.org\/index.php?rest_route=%2Fwp%2Fv2%2Ftags&post=963"}],"curies":[{"name":"wp","href":"https:\/\/api.w.org\/{rel}","templated":true}]}}